{"id":17145,"date":"2025-01-04T08:39:35","date_gmt":"2025-01-04T08:39:35","guid":{"rendered":"https:\/\/easydevelop.eu\/saudifood\/"},"modified":"2025-05-26T08:45:28","modified_gmt":"2025-05-26T08:45:28","slug":"saudifood","status":"publish","type":"post","link":"https:\/\/egliag.com\/de\/saudifood\/","title":{"rendered":"SAUDIFOOD"},"content":{"rendered":"<div class=\"header\">\n<div class=\"header\"><span class=\"category\">Messetermin\u00a0<\/span><span class=\"additions\" data-active=\"true\">12. bis 14. Mai 2025, SAUDIFOOD 2025, Riyadh Front, Saudi Arabia<\/span><\/div>\n<div class=\"body\">\n<p>Die Er\u00f6ffnung der Saudi Food Show fand zum perfekten Zeitpunkt statt, um diese Welle des Wandels anzuf\u00fchren und eine starke internationale Grundlage zu schaffen, auf der die nationalen, regionalen und globalen M\u00e4rkte bedient und dominiert werden k\u00f6nnen.<\/p>\n<\/div>\n<\/div>\n","protected":false},"excerpt":{"rendered":"<p>Messetermin\u00a012. bis 14. Mai 2025, SAUDIFOOD 2025, Riyadh Front, Saudi Arabia Die Er\u00f6ffnung der Saudi Food Show fand zum perfekten Zeitpunkt statt, um diese Welle des Wandels anzuf\u00fchren und eine starke internationale Grundlage zu schaffen, auf der die nationalen, regionalen und&#8230;<\/p>\n","protected":false},"author":1,"featured_media":17143,"comment_status":"open","ping_status":"open","sticky":false,"template":"","format":"standard","meta":{"footnotes":""},"categories":[46],"tags":[],"class_list":["post-17145","post","type-post","status-publish","format-standard","has-post-thumbnail","hentry","category-neuigkeiten"],"yoast_head":"<!-- This site is optimized with the Yoast SEO plugin v26.8 - https:\/\/yoast.com\/product\/yoast-seo-wordpress\/ -->\n<title>SAUDIFOOD -<\/title>\n<meta name=\"robots\" content=\"index, follow, max-snippet:-1, max-image-preview:large, max-video-preview:-1\" \/>\n<link rel=\"canonical\" href=\"https:\/\/egliag.com\/de\/saudifood\/\" \/>\n<meta property=\"og:locale\" content=\"de_DE\" \/>\n<meta property=\"og:type\" content=\"article\" \/>\n<meta property=\"og:title\" content=\"SAUDIFOOD -\" \/>\n<meta property=\"og:description\" content=\"Messetermin\u00a012. bis 14. Mai 2025, SAUDIFOOD 2025, Riyadh Front, Saudi Arabia Die Er\u00f6ffnung der Saudi Food Show fand zum perfekten Zeitpunkt statt, um diese Welle des Wandels anzuf\u00fchren und eine starke internationale Grundlage zu schaffen, auf der die nationalen, regionalen und...\" \/>\n<meta property=\"og:url\" content=\"https:\/\/egliag.com\/de\/saudifood\/\" \/>\n<meta property=\"article:published_time\" content=\"2025-01-04T08:39:35+00:00\" \/>\n<meta property=\"article:modified_time\" content=\"2025-05-26T08:45:28+00:00\" \/>\n<meta property=\"og:image\" content=\"https:\/\/egliag.com\/wp-content\/uploads\/2025\/05\/saudifood_logo.jpg\" \/>\n\t<meta property=\"og:image:width\" content=\"450\" \/>\n\t<meta property=\"og:image:height\" content=\"450\" \/>\n\t<meta property=\"og:image:type\" content=\"image\/jpeg\" \/>\n<meta name=\"author\" content=\"webmaster\" \/>\n<meta name=\"twitter:card\" content=\"summary_large_image\" \/>\n<meta name=\"twitter:label1\" content=\"Verfasst von\" \/>\n\t<meta name=\"twitter:data1\" content=\"webmaster\" \/>\n\t<meta name=\"twitter:label2\" content=\"Gesch\u00e4tzte Lesezeit\" \/>\n\t<meta name=\"twitter:data2\" content=\"1\u00a0Minute\" \/>\n<script type=\"application\/ld+json\" class=\"yoast-schema-graph\">{\"@context\":\"https:\/\/schema.org\",\"@graph\":[{\"@type\":\"Article\",\"@id\":\"https:\/\/egliag.com\/de\/saudifood\/#article\",\"isPartOf\":{\"@id\":\"https:\/\/egliag.com\/de\/saudifood\/\"},\"author\":{\"name\":\"webmaster\",\"@id\":\"https:\/\/egliag.com\/de\/#\/schema\/person\/90a7207ddcf1a6524e27375a23c2e596\"},\"headline\":\"SAUDIFOOD\",\"datePublished\":\"2025-01-04T08:39:35+00:00\",\"dateModified\":\"2025-05-26T08:45:28+00:00\",\"mainEntityOfPage\":{\"@id\":\"https:\/\/egliag.com\/de\/saudifood\/\"},\"wordCount\":50,\"commentCount\":0,\"image\":{\"@id\":\"https:\/\/egliag.com\/de\/saudifood\/#primaryimage\"},\"thumbnailUrl\":\"https:\/\/egliag.com\/wp-content\/uploads\/2025\/05\/saudifood_logo.jpg\",\"articleSection\":[\"Neuigkeiten\"],\"inLanguage\":\"de\",\"potentialAction\":[{\"@type\":\"CommentAction\",\"name\":\"Comment\",\"target\":[\"https:\/\/egliag.com\/de\/saudifood\/#respond\"]}]},{\"@type\":\"WebPage\",\"@id\":\"https:\/\/egliag.com\/de\/saudifood\/\",\"url\":\"https:\/\/egliag.com\/de\/saudifood\/\",\"name\":\"SAUDIFOOD -\",\"isPartOf\":{\"@id\":\"https:\/\/egliag.com\/de\/#website\"},\"primaryImageOfPage\":{\"@id\":\"https:\/\/egliag.com\/de\/saudifood\/#primaryimage\"},\"image\":{\"@id\":\"https:\/\/egliag.com\/de\/saudifood\/#primaryimage\"},\"thumbnailUrl\":\"https:\/\/egliag.com\/wp-content\/uploads\/2025\/05\/saudifood_logo.jpg\",\"datePublished\":\"2025-01-04T08:39:35+00:00\",\"dateModified\":\"2025-05-26T08:45:28+00:00\",\"author\":{\"@id\":\"https:\/\/egliag.com\/de\/#\/schema\/person\/90a7207ddcf1a6524e27375a23c2e596\"},\"breadcrumb\":{\"@id\":\"https:\/\/egliag.com\/de\/saudifood\/#breadcrumb\"},\"inLanguage\":\"de\",\"potentialAction\":[{\"@type\":\"ReadAction\",\"target\":[\"https:\/\/egliag.com\/de\/saudifood\/\"]}]},{\"@type\":\"ImageObject\",\"inLanguage\":\"de\",\"@id\":\"https:\/\/egliag.com\/de\/saudifood\/#primaryimage\",\"url\":\"https:\/\/egliag.com\/wp-content\/uploads\/2025\/05\/saudifood_logo.jpg\",\"contentUrl\":\"https:\/\/egliag.com\/wp-content\/uploads\/2025\/05\/saudifood_logo.jpg\",\"width\":450,\"height\":450},{\"@type\":\"BreadcrumbList\",\"@id\":\"https:\/\/egliag.com\/de\/saudifood\/#breadcrumb\",\"itemListElement\":[{\"@type\":\"ListItem\",\"position\":1,\"name\":\"Home\",\"item\":\"https:\/\/egliag.com\/de\/\"},{\"@type\":\"ListItem\",\"position\":2,\"name\":\"SAUDIFOOD\"}]},{\"@type\":\"WebSite\",\"@id\":\"https:\/\/egliag.com\/de\/#website\",\"url\":\"https:\/\/egliag.com\/de\/\",\"name\":\"\",\"description\":\"\",\"potentialAction\":[{\"@type\":\"SearchAction\",\"target\":{\"@type\":\"EntryPoint\",\"urlTemplate\":\"https:\/\/egliag.com\/de\/?s={search_term_string}\"},\"query-input\":{\"@type\":\"PropertyValueSpecification\",\"valueRequired\":true,\"valueName\":\"search_term_string\"}}],\"inLanguage\":\"de\"},{\"@type\":\"Person\",\"@id\":\"https:\/\/egliag.com\/de\/#\/schema\/person\/90a7207ddcf1a6524e27375a23c2e596\",\"name\":\"webmaster\",\"image\":{\"@type\":\"ImageObject\",\"inLanguage\":\"de\",\"@id\":\"https:\/\/egliag.com\/de\/#\/schema\/person\/image\/\",\"url\":\"https:\/\/secure.gravatar.com\/avatar\/3e134f6423cd592a807c5cfce264041f2220e7a75598ce70fa07d65e1d96aec0?s=96&d=mm&r=g\",\"contentUrl\":\"https:\/\/secure.gravatar.com\/avatar\/3e134f6423cd592a807c5cfce264041f2220e7a75598ce70fa07d65e1d96aec0?s=96&d=mm&r=g\",\"caption\":\"webmaster\"},\"sameAs\":[\"https:\/\/easydevelop.eu\"],\"url\":\"https:\/\/egliag.com\/de\/author\/webmaster\/\"}]}<\/script>\n<!-- \/ Yoast SEO plugin. -->","yoast_head_json":{"title":"SAUDIFOOD -","robots":{"index":"index","follow":"follow","max-snippet":"max-snippet:-1","max-image-preview":"max-image-preview:large","max-video-preview":"max-video-preview:-1"},"canonical":"https:\/\/egliag.com\/de\/saudifood\/","og_locale":"de_DE","og_type":"article","og_title":"SAUDIFOOD -","og_description":"Messetermin\u00a012. bis 14. Mai 2025, SAUDIFOOD 2025, Riyadh Front, Saudi Arabia Die Er\u00f6ffnung der Saudi Food Show fand zum perfekten Zeitpunkt statt, um diese Welle des Wandels anzuf\u00fchren und eine starke internationale Grundlage zu schaffen, auf der die nationalen, regionalen und...","og_url":"https:\/\/egliag.com\/de\/saudifood\/","article_published_time":"2025-01-04T08:39:35+00:00","article_modified_time":"2025-05-26T08:45:28+00:00","og_image":[{"width":450,"height":450,"url":"https:\/\/egliag.com\/wp-content\/uploads\/2025\/05\/saudifood_logo.jpg","type":"image\/jpeg"}],"author":"webmaster","twitter_card":"summary_large_image","twitter_misc":{"Verfasst von":"webmaster","Gesch\u00e4tzte Lesezeit":"1\u00a0Minute"},"schema":{"@context":"https:\/\/schema.org","@graph":[{"@type":"Article","@id":"https:\/\/egliag.com\/de\/saudifood\/#article","isPartOf":{"@id":"https:\/\/egliag.com\/de\/saudifood\/"},"author":{"name":"webmaster","@id":"https:\/\/egliag.com\/de\/#\/schema\/person\/90a7207ddcf1a6524e27375a23c2e596"},"headline":"SAUDIFOOD","datePublished":"2025-01-04T08:39:35+00:00","dateModified":"2025-05-26T08:45:28+00:00","mainEntityOfPage":{"@id":"https:\/\/egliag.com\/de\/saudifood\/"},"wordCount":50,"commentCount":0,"image":{"@id":"https:\/\/egliag.com\/de\/saudifood\/#primaryimage"},"thumbnailUrl":"https:\/\/egliag.com\/wp-content\/uploads\/2025\/05\/saudifood_logo.jpg","articleSection":["Neuigkeiten"],"inLanguage":"de","potentialAction":[{"@type":"CommentAction","name":"Comment","target":["https:\/\/egliag.com\/de\/saudifood\/#respond"]}]},{"@type":"WebPage","@id":"https:\/\/egliag.com\/de\/saudifood\/","url":"https:\/\/egliag.com\/de\/saudifood\/","name":"SAUDIFOOD -","isPartOf":{"@id":"https:\/\/egliag.com\/de\/#website"},"primaryImageOfPage":{"@id":"https:\/\/egliag.com\/de\/saudifood\/#primaryimage"},"image":{"@id":"https:\/\/egliag.com\/de\/saudifood\/#primaryimage"},"thumbnailUrl":"https:\/\/egliag.com\/wp-content\/uploads\/2025\/05\/saudifood_logo.jpg","datePublished":"2025-01-04T08:39:35+00:00","dateModified":"2025-05-26T08:45:28+00:00","author":{"@id":"https:\/\/egliag.com\/de\/#\/schema\/person\/90a7207ddcf1a6524e27375a23c2e596"},"breadcrumb":{"@id":"https:\/\/egliag.com\/de\/saudifood\/#breadcrumb"},"inLanguage":"de","potentialAction":[{"@type":"ReadAction","target":["https:\/\/egliag.com\/de\/saudifood\/"]}]},{"@type":"ImageObject","inLanguage":"de","@id":"https:\/\/egliag.com\/de\/saudifood\/#primaryimage","url":"https:\/\/egliag.com\/wp-content\/uploads\/2025\/05\/saudifood_logo.jpg","contentUrl":"https:\/\/egliag.com\/wp-content\/uploads\/2025\/05\/saudifood_logo.jpg","width":450,"height":450},{"@type":"BreadcrumbList","@id":"https:\/\/egliag.com\/de\/saudifood\/#breadcrumb","itemListElement":[{"@type":"ListItem","position":1,"name":"Home","item":"https:\/\/egliag.com\/de\/"},{"@type":"ListItem","position":2,"name":"SAUDIFOOD"}]},{"@type":"WebSite","@id":"https:\/\/egliag.com\/de\/#website","url":"https:\/\/egliag.com\/de\/","name":"","description":"","potentialAction":[{"@type":"SearchAction","target":{"@type":"EntryPoint","urlTemplate":"https:\/\/egliag.com\/de\/?s={search_term_string}"},"query-input":{"@type":"PropertyValueSpecification","valueRequired":true,"valueName":"search_term_string"}}],"inLanguage":"de"},{"@type":"Person","@id":"https:\/\/egliag.com\/de\/#\/schema\/person\/90a7207ddcf1a6524e27375a23c2e596","name":"webmaster","image":{"@type":"ImageObject","inLanguage":"de","@id":"https:\/\/egliag.com\/de\/#\/schema\/person\/image\/","url":"https:\/\/secure.gravatar.com\/avatar\/3e134f6423cd592a807c5cfce264041f2220e7a75598ce70fa07d65e1d96aec0?s=96&d=mm&r=g","contentUrl":"https:\/\/secure.gravatar.com\/avatar\/3e134f6423cd592a807c5cfce264041f2220e7a75598ce70fa07d65e1d96aec0?s=96&d=mm&r=g","caption":"webmaster"},"sameAs":["https:\/\/easydevelop.eu"],"url":"https:\/\/egliag.com\/de\/author\/webmaster\/"}]}},"_links":{"self":[{"href":"https:\/\/egliag.com\/de\/wp-json\/wp\/v2\/posts\/17145","targetHints":{"allow":["GET"]}}],"collection":[{"href":"https:\/\/egliag.com\/de\/wp-json\/wp\/v2\/posts"}],"about":[{"href":"https:\/\/egliag.com\/de\/wp-json\/wp\/v2\/types\/post"}],"author":[{"embeddable":true,"href":"https:\/\/egliag.com\/de\/wp-json\/wp\/v2\/users\/1"}],"replies":[{"embeddable":true,"href":"https:\/\/egliag.com\/de\/wp-json\/wp\/v2\/comments?post=17145"}],"version-history":[{"count":1,"href":"https:\/\/egliag.com\/de\/wp-json\/wp\/v2\/posts\/17145\/revisions"}],"predecessor-version":[{"id":17146,"href":"https:\/\/egliag.com\/de\/wp-json\/wp\/v2\/posts\/17145\/revisions\/17146"}],"wp:featuredmedia":[{"embeddable":true,"href":"https:\/\/egliag.com\/de\/wp-json\/wp\/v2\/media\/17143"}],"wp:attachment":[{"href":"https:\/\/egliag.com\/de\/wp-json\/wp\/v2\/media?parent=17145"}],"wp:term":[{"taxonomy":"category","embeddable":true,"href":"https:\/\/egliag.com\/de\/wp-json\/wp\/v2\/categories?post=17145"},{"taxonomy":"post_tag","embeddable":true,"href":"https:\/\/egliag.com\/de\/wp-json\/wp\/v2\/tags?post=17145"}],"curies":[{"name":"wp","href":"https:\/\/api.w.org\/{rel}","templated":true}]}}