{"id":17132,"date":"2025-01-06T08:16:48","date_gmt":"2025-01-06T08:16:48","guid":{"rendered":"https:\/\/easydevelop.eu\/djazagro\/"},"modified":"2025-05-26T08:22:11","modified_gmt":"2025-05-26T08:22:11","slug":"djazagro","status":"publish","type":"post","link":"https:\/\/egliag.com\/de\/djazagro\/","title":{"rendered":"DJAZAGRO"},"content":{"rendered":"<div class=\"header\">\n<p>Der Name der Ausstellung setzt sich aus &#8222;Djaza\u00efr&#8220;, dem algerisch-arabischen Namen f\u00fcr Algerien, und &#8222;Agro&#8220; zusammen, das f\u00fcr den Agrar- und Lebensmittelsektor steht.<\/p>\n<p>Seit ihrer Gr\u00fcndung ist der Ruf von Djazagro weiter gewachsen, und die Messe verzeichnet Jahr f\u00fcr Jahr einen Anstieg der Ausstellerzahlen und Besucherzahlen.<\/p>\n<p>Die als hochprofessionell anerkannte Messe findet ihre n\u00e4chste Ausgabe von Montag, den 7. bis Donnerstag, den 10. April 2025 auf dem Messegel\u00e4nde SAFEX in Algier und es werden mehr als 600 Aussteller und 20.000 Besucher erwartet.<\/p>\n<\/div>\n","protected":false},"excerpt":{"rendered":"<p>Der Name der Ausstellung setzt sich aus &#8222;Djaza\u00efr&#8220;, dem algerisch-arabischen Namen f\u00fcr Algerien, und &#8222;Agro&#8220; zusammen, das f\u00fcr den Agrar- und Lebensmittelsektor steht. Seit ihrer Gr\u00fcndung ist der Ruf von Djazagro weiter gewachsen, und die Messe verzeichnet Jahr f\u00fcr Jahr einen&#8230;<\/p>\n","protected":false},"author":1,"featured_media":17130,"comment_status":"open","ping_status":"open","sticky":false,"template":"","format":"standard","meta":{"footnotes":""},"categories":[48],"tags":[],"class_list":["post-17132","post","type-post","status-publish","format-standard","has-post-thumbnail","hentry","category-artikel"],"yoast_head":"<!-- This site is optimized with the Yoast SEO plugin v26.8 - https:\/\/yoast.com\/product\/yoast-seo-wordpress\/ -->\n<title>DJAZAGRO -<\/title>\n<meta name=\"robots\" content=\"index, follow, max-snippet:-1, max-image-preview:large, max-video-preview:-1\" \/>\n<link rel=\"canonical\" href=\"https:\/\/egliag.com\/de\/djazagro\/\" \/>\n<meta property=\"og:locale\" content=\"de_DE\" \/>\n<meta property=\"og:type\" content=\"article\" \/>\n<meta property=\"og:title\" content=\"DJAZAGRO -\" \/>\n<meta property=\"og:description\" content=\"Der Name der Ausstellung setzt sich aus &#8222;Djaza\u00efr&#8220;, dem algerisch-arabischen Namen f\u00fcr Algerien, und &#8222;Agro&#8220; zusammen, das f\u00fcr den Agrar- und Lebensmittelsektor steht. Seit ihrer Gr\u00fcndung ist der Ruf von Djazagro weiter gewachsen, und die Messe verzeichnet Jahr f\u00fcr Jahr einen...\" \/>\n<meta property=\"og:url\" content=\"https:\/\/egliag.com\/de\/djazagro\/\" \/>\n<meta property=\"article:published_time\" content=\"2025-01-06T08:16:48+00:00\" \/>\n<meta property=\"article:modified_time\" content=\"2025-05-26T08:22:11+00:00\" \/>\n<meta property=\"og:image\" content=\"https:\/\/egliag.com\/wp-content\/uploads\/2025\/05\/djazagro.jpg\" \/>\n\t<meta property=\"og:image:width\" content=\"350\" \/>\n\t<meta property=\"og:image:height\" content=\"350\" \/>\n\t<meta property=\"og:image:type\" content=\"image\/jpeg\" \/>\n<meta name=\"author\" content=\"webmaster\" \/>\n<meta name=\"twitter:card\" content=\"summary_large_image\" \/>\n<meta name=\"twitter:label1\" content=\"Verfasst von\" \/>\n\t<meta name=\"twitter:data1\" content=\"webmaster\" \/>\n\t<meta name=\"twitter:label2\" content=\"Gesch\u00e4tzte Lesezeit\" \/>\n\t<meta name=\"twitter:data2\" content=\"1\u00a0Minute\" \/>\n<script type=\"application\/ld+json\" class=\"yoast-schema-graph\">{\"@context\":\"https:\/\/schema.org\",\"@graph\":[{\"@type\":\"Article\",\"@id\":\"https:\/\/egliag.com\/de\/djazagro\/#article\",\"isPartOf\":{\"@id\":\"https:\/\/egliag.com\/de\/djazagro\/\"},\"author\":{\"name\":\"webmaster\",\"@id\":\"https:\/\/egliag.com\/de\/#\/schema\/person\/90a7207ddcf1a6524e27375a23c2e596\"},\"headline\":\"DJAZAGRO\",\"datePublished\":\"2025-01-06T08:16:48+00:00\",\"dateModified\":\"2025-05-26T08:22:11+00:00\",\"mainEntityOfPage\":{\"@id\":\"https:\/\/egliag.com\/de\/djazagro\/\"},\"wordCount\":85,\"commentCount\":0,\"image\":{\"@id\":\"https:\/\/egliag.com\/de\/djazagro\/#primaryimage\"},\"thumbnailUrl\":\"https:\/\/egliag.com\/wp-content\/uploads\/2025\/05\/djazagro.jpg\",\"articleSection\":[\"Artikel\"],\"inLanguage\":\"de\",\"potentialAction\":[{\"@type\":\"CommentAction\",\"name\":\"Comment\",\"target\":[\"https:\/\/egliag.com\/de\/djazagro\/#respond\"]}]},{\"@type\":\"WebPage\",\"@id\":\"https:\/\/egliag.com\/de\/djazagro\/\",\"url\":\"https:\/\/egliag.com\/de\/djazagro\/\",\"name\":\"DJAZAGRO -\",\"isPartOf\":{\"@id\":\"https:\/\/egliag.com\/de\/#website\"},\"primaryImageOfPage\":{\"@id\":\"https:\/\/egliag.com\/de\/djazagro\/#primaryimage\"},\"image\":{\"@id\":\"https:\/\/egliag.com\/de\/djazagro\/#primaryimage\"},\"thumbnailUrl\":\"https:\/\/egliag.com\/wp-content\/uploads\/2025\/05\/djazagro.jpg\",\"datePublished\":\"2025-01-06T08:16:48+00:00\",\"dateModified\":\"2025-05-26T08:22:11+00:00\",\"author\":{\"@id\":\"https:\/\/egliag.com\/de\/#\/schema\/person\/90a7207ddcf1a6524e27375a23c2e596\"},\"breadcrumb\":{\"@id\":\"https:\/\/egliag.com\/de\/djazagro\/#breadcrumb\"},\"inLanguage\":\"de\",\"potentialAction\":[{\"@type\":\"ReadAction\",\"target\":[\"https:\/\/egliag.com\/de\/djazagro\/\"]}]},{\"@type\":\"ImageObject\",\"inLanguage\":\"de\",\"@id\":\"https:\/\/egliag.com\/de\/djazagro\/#primaryimage\",\"url\":\"https:\/\/egliag.com\/wp-content\/uploads\/2025\/05\/djazagro.jpg\",\"contentUrl\":\"https:\/\/egliag.com\/wp-content\/uploads\/2025\/05\/djazagro.jpg\",\"width\":350,\"height\":350,\"caption\":\"DJAZAGRO\"},{\"@type\":\"BreadcrumbList\",\"@id\":\"https:\/\/egliag.com\/de\/djazagro\/#breadcrumb\",\"itemListElement\":[{\"@type\":\"ListItem\",\"position\":1,\"name\":\"Home\",\"item\":\"https:\/\/egliag.com\/de\/\"},{\"@type\":\"ListItem\",\"position\":2,\"name\":\"DJAZAGRO\"}]},{\"@type\":\"WebSite\",\"@id\":\"https:\/\/egliag.com\/de\/#website\",\"url\":\"https:\/\/egliag.com\/de\/\",\"name\":\"\",\"description\":\"\",\"potentialAction\":[{\"@type\":\"SearchAction\",\"target\":{\"@type\":\"EntryPoint\",\"urlTemplate\":\"https:\/\/egliag.com\/de\/?s={search_term_string}\"},\"query-input\":{\"@type\":\"PropertyValueSpecification\",\"valueRequired\":true,\"valueName\":\"search_term_string\"}}],\"inLanguage\":\"de\"},{\"@type\":\"Person\",\"@id\":\"https:\/\/egliag.com\/de\/#\/schema\/person\/90a7207ddcf1a6524e27375a23c2e596\",\"name\":\"webmaster\",\"image\":{\"@type\":\"ImageObject\",\"inLanguage\":\"de\",\"@id\":\"https:\/\/egliag.com\/de\/#\/schema\/person\/image\/\",\"url\":\"https:\/\/secure.gravatar.com\/avatar\/3e134f6423cd592a807c5cfce264041f2220e7a75598ce70fa07d65e1d96aec0?s=96&d=mm&r=g\",\"contentUrl\":\"https:\/\/secure.gravatar.com\/avatar\/3e134f6423cd592a807c5cfce264041f2220e7a75598ce70fa07d65e1d96aec0?s=96&d=mm&r=g\",\"caption\":\"webmaster\"},\"sameAs\":[\"https:\/\/easydevelop.eu\"],\"url\":\"https:\/\/egliag.com\/de\/author\/webmaster\/\"}]}<\/script>\n<!-- \/ Yoast SEO plugin. -->","yoast_head_json":{"title":"DJAZAGRO -","robots":{"index":"index","follow":"follow","max-snippet":"max-snippet:-1","max-image-preview":"max-image-preview:large","max-video-preview":"max-video-preview:-1"},"canonical":"https:\/\/egliag.com\/de\/djazagro\/","og_locale":"de_DE","og_type":"article","og_title":"DJAZAGRO -","og_description":"Der Name der Ausstellung setzt sich aus &#8222;Djaza\u00efr&#8220;, dem algerisch-arabischen Namen f\u00fcr Algerien, und &#8222;Agro&#8220; zusammen, das f\u00fcr den Agrar- und Lebensmittelsektor steht. Seit ihrer Gr\u00fcndung ist der Ruf von Djazagro weiter gewachsen, und die Messe verzeichnet Jahr f\u00fcr Jahr einen...","og_url":"https:\/\/egliag.com\/de\/djazagro\/","article_published_time":"2025-01-06T08:16:48+00:00","article_modified_time":"2025-05-26T08:22:11+00:00","og_image":[{"width":350,"height":350,"url":"https:\/\/egliag.com\/wp-content\/uploads\/2025\/05\/djazagro.jpg","type":"image\/jpeg"}],"author":"webmaster","twitter_card":"summary_large_image","twitter_misc":{"Verfasst von":"webmaster","Gesch\u00e4tzte Lesezeit":"1\u00a0Minute"},"schema":{"@context":"https:\/\/schema.org","@graph":[{"@type":"Article","@id":"https:\/\/egliag.com\/de\/djazagro\/#article","isPartOf":{"@id":"https:\/\/egliag.com\/de\/djazagro\/"},"author":{"name":"webmaster","@id":"https:\/\/egliag.com\/de\/#\/schema\/person\/90a7207ddcf1a6524e27375a23c2e596"},"headline":"DJAZAGRO","datePublished":"2025-01-06T08:16:48+00:00","dateModified":"2025-05-26T08:22:11+00:00","mainEntityOfPage":{"@id":"https:\/\/egliag.com\/de\/djazagro\/"},"wordCount":85,"commentCount":0,"image":{"@id":"https:\/\/egliag.com\/de\/djazagro\/#primaryimage"},"thumbnailUrl":"https:\/\/egliag.com\/wp-content\/uploads\/2025\/05\/djazagro.jpg","articleSection":["Artikel"],"inLanguage":"de","potentialAction":[{"@type":"CommentAction","name":"Comment","target":["https:\/\/egliag.com\/de\/djazagro\/#respond"]}]},{"@type":"WebPage","@id":"https:\/\/egliag.com\/de\/djazagro\/","url":"https:\/\/egliag.com\/de\/djazagro\/","name":"DJAZAGRO -","isPartOf":{"@id":"https:\/\/egliag.com\/de\/#website"},"primaryImageOfPage":{"@id":"https:\/\/egliag.com\/de\/djazagro\/#primaryimage"},"image":{"@id":"https:\/\/egliag.com\/de\/djazagro\/#primaryimage"},"thumbnailUrl":"https:\/\/egliag.com\/wp-content\/uploads\/2025\/05\/djazagro.jpg","datePublished":"2025-01-06T08:16:48+00:00","dateModified":"2025-05-26T08:22:11+00:00","author":{"@id":"https:\/\/egliag.com\/de\/#\/schema\/person\/90a7207ddcf1a6524e27375a23c2e596"},"breadcrumb":{"@id":"https:\/\/egliag.com\/de\/djazagro\/#breadcrumb"},"inLanguage":"de","potentialAction":[{"@type":"ReadAction","target":["https:\/\/egliag.com\/de\/djazagro\/"]}]},{"@type":"ImageObject","inLanguage":"de","@id":"https:\/\/egliag.com\/de\/djazagro\/#primaryimage","url":"https:\/\/egliag.com\/wp-content\/uploads\/2025\/05\/djazagro.jpg","contentUrl":"https:\/\/egliag.com\/wp-content\/uploads\/2025\/05\/djazagro.jpg","width":350,"height":350,"caption":"DJAZAGRO"},{"@type":"BreadcrumbList","@id":"https:\/\/egliag.com\/de\/djazagro\/#breadcrumb","itemListElement":[{"@type":"ListItem","position":1,"name":"Home","item":"https:\/\/egliag.com\/de\/"},{"@type":"ListItem","position":2,"name":"DJAZAGRO"}]},{"@type":"WebSite","@id":"https:\/\/egliag.com\/de\/#website","url":"https:\/\/egliag.com\/de\/","name":"","description":"","potentialAction":[{"@type":"SearchAction","target":{"@type":"EntryPoint","urlTemplate":"https:\/\/egliag.com\/de\/?s={search_term_string}"},"query-input":{"@type":"PropertyValueSpecification","valueRequired":true,"valueName":"search_term_string"}}],"inLanguage":"de"},{"@type":"Person","@id":"https:\/\/egliag.com\/de\/#\/schema\/person\/90a7207ddcf1a6524e27375a23c2e596","name":"webmaster","image":{"@type":"ImageObject","inLanguage":"de","@id":"https:\/\/egliag.com\/de\/#\/schema\/person\/image\/","url":"https:\/\/secure.gravatar.com\/avatar\/3e134f6423cd592a807c5cfce264041f2220e7a75598ce70fa07d65e1d96aec0?s=96&d=mm&r=g","contentUrl":"https:\/\/secure.gravatar.com\/avatar\/3e134f6423cd592a807c5cfce264041f2220e7a75598ce70fa07d65e1d96aec0?s=96&d=mm&r=g","caption":"webmaster"},"sameAs":["https:\/\/easydevelop.eu"],"url":"https:\/\/egliag.com\/de\/author\/webmaster\/"}]}},"_links":{"self":[{"href":"https:\/\/egliag.com\/de\/wp-json\/wp\/v2\/posts\/17132","targetHints":{"allow":["GET"]}}],"collection":[{"href":"https:\/\/egliag.com\/de\/wp-json\/wp\/v2\/posts"}],"about":[{"href":"https:\/\/egliag.com\/de\/wp-json\/wp\/v2\/types\/post"}],"author":[{"embeddable":true,"href":"https:\/\/egliag.com\/de\/wp-json\/wp\/v2\/users\/1"}],"replies":[{"embeddable":true,"href":"https:\/\/egliag.com\/de\/wp-json\/wp\/v2\/comments?post=17132"}],"version-history":[{"count":1,"href":"https:\/\/egliag.com\/de\/wp-json\/wp\/v2\/posts\/17132\/revisions"}],"predecessor-version":[{"id":17133,"href":"https:\/\/egliag.com\/de\/wp-json\/wp\/v2\/posts\/17132\/revisions\/17133"}],"wp:featuredmedia":[{"embeddable":true,"href":"https:\/\/egliag.com\/de\/wp-json\/wp\/v2\/media\/17130"}],"wp:attachment":[{"href":"https:\/\/egliag.com\/de\/wp-json\/wp\/v2\/media?parent=17132"}],"wp:term":[{"taxonomy":"category","embeddable":true,"href":"https:\/\/egliag.com\/de\/wp-json\/wp\/v2\/categories?post=17132"},{"taxonomy":"post_tag","embeddable":true,"href":"https:\/\/egliag.com\/de\/wp-json\/wp\/v2\/tags?post=17132"}],"curies":[{"name":"wp","href":"https:\/\/api.w.org\/{rel}","templated":true}]}}